{"id":51228,"date":"2021-08-02T17:06:02","date_gmt":"2021-08-02T17:06:02","guid":{"rendered":"https:\/\/wagingnonviolence.org\/wr\/?p=51228"},"modified":"2021-08-17T15:06:23","modified_gmt":"2021-08-17T15:06:23","slug":"assassinations-paramilitary-terror-zapatista-struggle-sovereignty","status":"publish","type":"post","link":"https:\/\/wagingnonviolence.org\/wr\/2021\/08\/assassinations-paramilitary-terror-zapatista-struggle-sovereignty\/","title":{"rendered":"In the face of assassinations and paramilitary terror, the Zapatista struggle for sovereignty continues"},"content":{"rendered":"\n<p class=\"wp-block-paragraph\">Chiapas, a state in southeastern Mexico bordering Guatemala, was the epicenter of the 1994 Zapatista uprising. On Jan. 1,1994 \u2014 the effective date of the North American Free Trade Agreement \u2014 the insurgents of the Zapatista Army of National Liberation, or EZLN, seized five county towns in the state at dawn, <a href=\"https:\/\/radiozapatista.org\/?p=20280&amp;lang=en\">declaring<\/a> a struggle for &#8220;work, land, shelter, food, health, education, independence, freedom, democracy, justice and peace.&#8221;&nbsp;<\/p>\n\n\n\n<p class=\"wp-block-paragraph\">Until this public appearance, the EZLN had spent 10 years clandestinely in the Lacandon Jungle preparing with training and political education. Most of the Zapatistas were Mayas of different ethnic groups from Chiapas, poor peasants and producers of corn, coffee or cattle, who depended on the land for survival. The insurgents claimed ownership of the lands for the original Indigenous peoples, a more equitable distribution of wealth and the participation of different ethnic groups in the organization of the state and the country.&nbsp;<\/p>\n\n\n\n<p class=\"wp-block-paragraph\">For this, the EZLN occupied numerous private properties, mostly cattle ranches or coffee plantations of non-Indigenous landowners, this way impacting landowner elites\u2019 control over local politics. They also took over 38 municipalities in the state of Chiapas with the support of the communities who at that time agreed to collaborate with the revolutionary project. This is how the Zapatista Rebel Autonomous Municipalities, or MAREZ, were born, which have subsequently organized to build alternatives for coexistence and self-government under the protection of the EZLN. Since 2003, they are under the coordination of the \u201cCaracol\u201d of the area, where the headquarters of self-government and organization between the municipalities are located.<\/p>\n\n\n<figure id=\"attachment_51293\" aria-describedby=\"caption-attachment-51293\" class=\"wp-caption alignright\"><img loading=\"lazy\" decoding=\"async\" class=\"img-fluid wp-image-51293 \" src=\"https:\/\/wagingnonviolence.org\/wr\/wp-content\/uploads\/sites\/2\/2021\/07\/82bc79b5-7aec-4ea8-bc7a-288ec78275b7-2-scaled.jpg\" alt=\"\" width=\"300\" height=\"225\" srcset=\"https:\/\/wagingnonviolence.org\/wr\/wp-content\/uploads\/sites\/2\/2021\/07\/82bc79b5-7aec-4ea8-bc7a-288ec78275b7-2-scaled.jpg 2560w, https:\/\/wagingnonviolence.org\/wr\/wp-content\/uploads\/sites\/2\/2021\/07\/82bc79b5-7aec-4ea8-bc7a-288ec78275b7-2-300x225.jpg 300w, https:\/\/wagingnonviolence.org\/wr\/wp-content\/uploads\/sites\/2\/2021\/07\/82bc79b5-7aec-4ea8-bc7a-288ec78275b7-2-1024x768.jpg 1024w, https:\/\/wagingnonviolence.org\/wr\/wp-content\/uploads\/sites\/2\/2021\/07\/82bc79b5-7aec-4ea8-bc7a-288ec78275b7-2-768x576.jpg 768w, https:\/\/wagingnonviolence.org\/wr\/wp-content\/uploads\/sites\/2\/2021\/07\/82bc79b5-7aec-4ea8-bc7a-288ec78275b7-2-1536x1152.jpg 1536w, https:\/\/wagingnonviolence.org\/wr\/wp-content\/uploads\/sites\/2\/2021\/07\/82bc79b5-7aec-4ea8-bc7a-288ec78275b7-2-2048x1536.jpg 2048w\" sizes=\"auto, (max-width: 300px) 100vw, 300px\" \/><figcaption id=\"caption-attachment-51293\" class=\"wp-caption-text\">Headquarters for the for the Zapatista Rebel Autonomous Municipalities (MAREZ) in the Los Altos area of Chiapas, M\u00e9xico. (WNV\/Mayu Ruiz Rull)<\/figcaption><\/figure>\n\n\n<p class=\"wp-block-paragraph\">Following the uprising, the federal government rapidly sent an army to suppress the rebellion. After 11 days of armed confrontations, a ceasefire was established, beginning a dialogue that led to the signing of the San Andr\u00e9s Accords in February 1996. The Accords recognized the rights of Indigenous peoples to develop their specific forms of social, cultural, political and economic organization and the right to self-determination exercised within a framework of autonomy for Indigenous peoples. However, the federal government did not apply any legal reforms for its effective implementation and eventually asked for modifications to the proposed law that emptied it of content. The Zapatistas withdrew from the negotiations in January 1997 and established compliance with the San Andr\u00e9s Accords as one of the three conditions to return to the dialogue table, along with the withdrawal of the army from Zapatista areas and the release of political prisoners.<\/p>\n\n\n\n<p class=\"wp-block-paragraph\">At the same time, the military offensive and harassment against Zapatista communities did not stop in Chiapas. The federal and local governments, with the support of landowners and ranchers, organized paramilitary forces trained by the army. These military occupations resulted in the displacement and killings of thousands of people. One of the most brutal episodes, known as the <a href=\"https:\/\/nacla.org\/news\/2020\/12\/21\/23-years-impunity-acteal-massacre\">Acteal Massacre<\/a>, took place on Dec. 22, 1997, when a group of paramilitaries called M\u00e1scara Roja murdered 45 Mayan men, women and children that were suspected of supporting the Zapatista movement.&nbsp;<\/p>\n\n\n\n<p class=\"wp-block-paragraph\"><strong>Harassment of Zapatista support bases in Chiapas<\/strong><\/p>\n\n\n\n<p class=\"wp-block-paragraph\">Since the EZLN uprising in 1994, the number of armed security forces in the Chiapas region has escalated. The army\u2019s presence has not prevented paramilitary groups from harassing Indigenous and peasant communities. On the contrary, relations between armed bodies and the impunity with which they commit their actions has been documented continuously by human rights defenders.&nbsp;<\/p>\n\n\n\n<p class=\"wp-block-paragraph\">Back in 1994, the Ministry of Defense stated in its &#8220;Chiapas 94 Campaign Plan&#8221; the <a href=\"http:\/\/enlacezapatista.ezln.org.mx\/2005\/06\/30\/sixth-declaration-of-the-selva-lacandona\/\">goal<\/a> to &#8220;secretly organize certain sectors of the civilian population &#8230; characterized by a high patriotic sense,\u201d as well as to \u201ctrain and support the self-defense forces or other paramilitary organizations.\u201d Following its implementation in 1995 to 1998, crimes against humanity were systematically committed against the civilian population by elements of the Mexican Armed Forces and by paramilitary groups in different regions of the state of Chiapas. Many <a href=\"https:\/\/www.amnesty.org\/es\/documents\/amr41\/021\/1995\/en\/\">cases<\/a> of executions, disappearances, tortures and forced displacement are still unresolved, and a climate of impunity surrounding human rights violations prevails.<\/p>\n\n\n\n<p class=\"wp-block-paragraph\">This July, <a href=\"https:\/\/apnews.com\/article\/mexico-dfc6fb1d675cd7b7d96f5c12a3b03a08\">Sim\u00f3n Pedro P\u00e9rez L\u00f3pez<\/a> was shot in the head while shopping with one of his four children in the market of Simojovel. This town is located in Los Altos, a predominantly Indigenous and rural region in Chiapas. During the last six years, the presence of criminal groups seeking control of the territory has impeded the maintenance of peace within communities. The murder of the Indigenous Maya Sim\u00f3n Pedro is linked to his denouncing the criminal actions as a human rights defender. The Inter-American Commission on Human Rights reports that since July 5, 2021, at least 12 people have been murdered (including a child and the execution of Sim\u00f3n Pedro P\u00e9rez L\u00f3pez), a person has gone missing and a woman and a child were injured with a firearm. The Human Rights Center Fray Bartolom\u00e9 de las Casas blames a criminal group linked to municipal public officials in the neighboring city of Pantelh\u00f3. The center, which has been documenting and denouncing human rights violations since 1994, estimates that there are approximately 3,200 people forcibly displaced by the conflict in the area, including the survivors of the Acteal massacre in 1997.&nbsp;<\/p>\n\n\n\n<p class=\"wp-block-paragraph\">Civil organizations denounce the inaction of the state in the face of this humanitarian crisis of displaced persons and the context of systematic and structural violations, documented last December 2020 by a <a href=\"https:\/\/redtdt.org.mx\/mco-a-chiapas-comunicado-de-prensa\/\">Civil Observation Mission of the National Network<\/a> &#8220;All Rights for Everyone.\u201d The HHRR Network denounces the ineffectiveness of the public security forces in stopping the violence, and the State Prosecutor&#8217;s Office\u2019s lack of action when it comes to curbing paramilitary groups that pose a latent risk for communities and for human rights defenders.<\/p>\n\n\n\n<p class=\"wp-block-paragraph\">Another area of the region with&nbsp;a high increase in conflict is the MAREZ Lucio Caba\u00f1as, located in the municipality of Patria Nueva (officially, the city of Ocosingo) and belonging to Caracol 10 \u201cFlourishing the rebel seed.\u201d There is a small community in Lucio Caba\u00f1as called Nuevo San Gregorio where six Zapatista families have been cornered since November 2019, when a group nicknamed the &#8220;group of 40&#8221; invaded and surrounded a significant amount of the collective lands recovered in 1994 by the EZLN where they live. The group of 40 is made up of 10 families linked to local political parties in the municipality of Huixt\u00e1n. Several members are former police officers, some have communal landholding and ecclesial positions, and others are former landowners of the area. The group\u2019s leaders include Nicol\u00e1s P\u00e9rez P\u00e9rez, former Party of the Democratic Revolution councilor in Huixt\u00e1n and owner of about 150 acres of land, and Sebasti\u00e1n Bolom Ara, former civil servant in Huixt\u00e1n.<\/p>\n\n\n\n<p class=\"wp-block-paragraph\">As a consequence of their activities, they have prevented the Zapatista families from planting and harvesting their milpa<em>. <\/em>The deprivation of the main source for self-sustenance causes hunger and forces community members to either buy or depend on external assistance to feed themselves. This is a significant problem for people who are one with the land and who eat from working it. Today, a constant climate of tension persists because of harassment by the group of 40. Group members have sabotaged water sources and stolen livestock, claiming they are recovering their land from the Zapatistas. The group\u2019s ultimate goal is&nbsp;breaking 27 years of Zapatista resistance in the area.&nbsp;<\/p>\n\n\n<figure id=\"attachment_51281\" aria-describedby=\"caption-attachment-51281\" class=\"wp-caption alignnone\"><img loading=\"lazy\" decoding=\"async\" class=\"size-medium wp-image-51281 img-fluid\" src=\"https:\/\/wagingnonviolence.org\/wr\/wp-content\/uploads\/sites\/2\/2021\/07\/9baaa42a-92cc-4213-b00f-fc02ffb552b0-1-300x200.jpg\" alt=\"\" width=\"300\" height=\"200\" srcset=\"https:\/\/wagingnonviolence.org\/wr\/wp-content\/uploads\/sites\/2\/2021\/07\/9baaa42a-92cc-4213-b00f-fc02ffb552b0-1-300x200.jpg 300w, https:\/\/wagingnonviolence.org\/wr\/wp-content\/uploads\/sites\/2\/2021\/07\/9baaa42a-92cc-4213-b00f-fc02ffb552b0-1-1024x683.jpg 1024w, https:\/\/wagingnonviolence.org\/wr\/wp-content\/uploads\/sites\/2\/2021\/07\/9baaa42a-92cc-4213-b00f-fc02ffb552b0-1-768x512.jpg 768w, https:\/\/wagingnonviolence.org\/wr\/wp-content\/uploads\/sites\/2\/2021\/07\/9baaa42a-92cc-4213-b00f-fc02ffb552b0-1-1536x1024.jpg 1536w, https:\/\/wagingnonviolence.org\/wr\/wp-content\/uploads\/sites\/2\/2021\/07\/9baaa42a-92cc-4213-b00f-fc02ffb552b0-1-2048x1365.jpg 2048w, https:\/\/wagingnonviolence.org\/wr\/wp-content\/uploads\/sites\/2\/2021\/07\/9baaa42a-92cc-4213-b00f-fc02ffb552b0-1-600x400.jpg 600w\" sizes=\"auto, (max-width: 300px) 100vw, 300px\" \/><figcaption id=\"caption-attachment-51281\" class=\"wp-caption-text\">Zapatista Mayan Tsotsil authorities at &#8220;CompARTE,&#8221; a Zapatista international arts festival, in 2017.&nbsp;(Daliri Oropeza\/ Pie de P\u00e1gina)<\/figcaption><\/figure>\n\n\n<p class=\"wp-block-paragraph\">Faced with the increasing acts of aggressions and the need of the Zapatista communities to return to work their lands, various organizations, groups and individuals belonging to La Sexta (a network of national and international solidarity with the Zapatista cause named after the <a href=\"http:\/\/enlacezapatista.ezln.org.mx\/2005\/06\/30\/sixth-declaration-of-the-selva-lacandona\/\">Sixth Declaration<\/a> of the Lacandon Jungle) departed on two occasions \u2014 from October 2020 to February 2021 \u2014 to the Lucio Caba\u00f1as municipality. The members of the <a href=\"https:\/\/redajmaq.espora.org\/informecaravana2020\">Caravan of Solidarity and Documentation<\/a> acted as human rights observers, delivered humanitarian aid and completed a detailed report to document and raise awareness of the situation in Nuevo San Gregorio and Mois\u00e9s Gandhi Zapatista Autonomous Communities.<\/p>\n\n\n\n<p class=\"wp-block-paragraph\">&#8220;We feel kidnapped in our own land,&#8221; said a Nuevo San Gregorio resident before the visit of the caravan on Oct. 29. In addition to Nuevo San Gregorio, the caravan visited eight endangered Maya communities in the region of Mois\u00e9s Gandhi, within the municipality of Lucio Caba\u00f1as. In the caravan report, these Zapatista supporters relate that in April 2019 members of the Regional Organization of Coffee Growers of Ocosingo, or ORCAO, broke in, enclosed community lands, and stole crops and construction material.&nbsp;<\/p>\n\n\n\n<p class=\"wp-block-paragraph\">The origin of the conflict dates back to 2001 when the ORCAO, which in 1994 had participated in the uprising by taking farms from landowners in the region, abandoned the Zapatista cause to take advantage of the programs launched by Mexican government. These programs allowed individuals to title communal land rights and privatize them, even if they had been inhabited since the uprising. The government strategy caused a considerable loss among the civil support bases of the EZLN and, still in many regions of Chiapas, relations between the Zapatistas and those who are not (or no longer) Zapatistas are tense.<\/p>\n\n\n\n<p class=\"wp-block-paragraph\">The harassment has escalated exponentially since the beginning of 2020 in the form of threats, intimidation, physical attacks, burning of crops, destruction in the Autonomous high school and constant detonations of firearms against the community houses. On Aug. 22, 2020, the ORCAO looted a store and two Zapatista coffee warehouses on the Cuxulj\u00e1 cruise, setting them on fire next to the Zapatista dining room. The attacks on Mois\u00e9s Gandhi culminated in the kidnapping, on Nov. 8, 2020, of the Zapatista F\u00e9lix L\u00f3pez Hern\u00e1ndez. According to civil organizations, Hern\u00e1ndez was &#8220;tied up, they put a belt around his neck and were about to kill him\u201d before he was released due to international pressure.<\/p>\n\n\n\n<p class=\"wp-block-paragraph\"><strong>Integral war of attrition against the people<\/strong><\/p>\n\n\n\n<p class=\"wp-block-paragraph\">The caravan\u2019s report identifies different mechanisms of violence (the invasion of lands that have sustained the communities for 27 years, the enclosure depriving access to crops, water and education, threatening in turn food sovereignty and the autonomous economy) perpetrated by the ORCAO and the group of 40 in Lucio Caba\u00f1as municipality. In their view, the violence focuses on fragmenting the resistance and permanence of Zapatista autonomy by imposing a daily and permanent state of war on their communities.<\/p>\n\n\n\n<p class=\"wp-block-paragraph\">There are more subtle strategies taking place aimed at weakening the bases of support for the autonomous Zapatista project and all Indigenous experiences of autonomy that oppose the dispossession of their territories and function outside the capitalist imperialist system. They are counterinsurgency tactics within what La Sexta organizations call an \u201cintegral war of attrition, because they seek to cover all areas of life through economic, psychological, propaganda, sociocultural and political mechanisms.&#8221; In the long term, the aim is to tire the civilian population\u2019s resistance.<\/p>\n\n\n\n<p class=\"wp-block-paragraph\">At present, the leftist and Indigenous discourse that led current president Antonio Manuel Lopez Obrador, or AMLO, to win the Mexican 2018 elections has been losing credibility. Its \u201cFourth Transformation,\u201d also known as 4T, continues with the deployment of social programs that help privatize communal land and welfare subsidies tied to national Banco Azteca loans that introduce the peasant population in mercantile and individualist logics so that they abandon the resistance. AMLO\u2019s 4T also includes the imposition of megaprojects throughout the country that require the dispossession of territories for looting and extractivism: the Mayan Train, the transoceanic corridor, special economic zones for foreign enterprises and large-scale mining operations are some examples.&nbsp;<\/p>\n\n\n\n<p class=\"wp-block-paragraph\">To defend these objectives, AMLO has provided a large amount of public and private resources to the army while expanding their functions, and replaced the federal police for the new, much more militarized National Guard in 2019. According to<a href=\"https:\/\/www.amnesty.org\/download\/Documents\/POL1032022021ENGLISH.PDF\"> Amnesty International<\/a>, the AMLO administration has &#8220;deployed more military personnel in the public security strategy than the two previous presidential administrations.\u201d The National Guard is deployed in areas where there is a strong presence of social movements and organizations opposing the megaprojects across the country and around the Lacandona area where the experiences of Zapatista autonomy are located. They also serve to secure the Mexican southern border, where Amnesty International reports that migrants meet excessive use of force and arbitrary detentions, saying, \u201cNational Guard officials used tear gas during an operation to detain hundreds of migrants who crossed Mexico\u2019s southern border in January and dragged and beat migrants who participated in a protest inside a migration detention center in Tapachula in March.\u201d&nbsp;<\/p>\n\n\n\n<p class=\"wp-block-paragraph\">Subcomandante Marcos, the EZLN anonymous spokesperson from the Zapatista uprising until 2014, proposed the concept of &#8220;World War IV\u201d in 1999. After the third world war, or Cold War, the Zapatistas analyzed the characteristics of what is currently a war against humanity in pursuit of capitalist profit in a globalized and interconnected world. The territory to be conquered is the entire planet, and the enemy to be destroyed is any way of existing that does not fall within market logic. The war\u2019s strategies are not only military, but also ideological and diplomatic.<\/p>\n\n\n\n<p class=\"wp-block-paragraph\"><strong>Autonomy in the middle of war<\/strong><\/p>\n\n\n\n<p class=\"wp-block-paragraph\">Despite being armed, the Zapatistas do not respond to violence with bullets. They have built a way of doing politics rooted in resistance to the state. Aware that in the revolutions of the twentieth century those who have died have been the peasants, the Indigenous and the poor, the Zapatistas are committed to the slow but firm construction and self-defense of their autonomy. They defend that autonomy is built from below without depending on the official authorization to exercise it, and therefore they are governed by their autonomous government structures and build their own systems of education, public health and the administration of justice. <\/p>\n\n\n\n<blockquote class=\"wp-block-quote alignleft is-layout-flow wp-block-quote-is-layout-flow\"><p>\u201cWe will always carry resistance and rebellion in our hearts, because we are guardians of Mother Earth, we are not the owners. The earth is not ours, it belongs to all of us who fight for life.&#8221;<\/p><\/blockquote>\n\n\n\n<p class=\"wp-block-paragraph\">This autonomy draws from the legacy of Emiliano Zapata, the Flores Mag\u00f3n brothers and above all from the ways of life and intersubjective worldview of the Indigenous peoples that inhabit the territory of Mexico. The Zapatistas are governed by the seven principles of &#8220;to Command by Obeying&#8221;: to serve and not to serve, represent and not impersonate, build and not destroy, obey and not command, propose and not impose, convince and not win, to go down and not go up. Their peaceful civil resistance is based on the dignity, solidarity and living memory of the peoples with their antagonistic ethics to the prevailing one. The Zapatistas consider themselves the guardians of the land, not its owners; they seek justice, not revenge. <\/p>\n\n\n\n<p class=\"wp-block-paragraph\">When Ernesto Zedillo sent the paramilitary group M\u00e1scara Roja to massacre the population of Acteal in 1997, their task was to kill &#8220;the Zapatista seed.&#8221; Twenty-seven years after the uprising, the seed has not been destroyed but has taken root; it has sprouted throughout the Mexican territory and continues to flourish in the minds and hearts of all those who fight against the system around the world. The five initial \u201cCaracoles\u201d from 2003 grew to 12 in 2019 and a total of 43 Autonomous Municipalities reside in Chiapas. To support the community of Nuevo San Gregorio, the <a href=\"https:\/\/frayba.org.mx\/solidaridad\/\">Frayba<\/a> created a new Civil Observation Camp in February of this year within the Civil Observation Brigades program, which has documented and contributed to deterring possible human rights violations since 1995.&nbsp; Zapatistas there continue to organize collective work such as looms, pottery and carpentry to sustain their lives in the face of the impossibility of harvesting their land. On their visit in October, a resident declared to the caravan: \u201cWe will always carry resistance and rebellion in our hearts, because we are guardians of Mother Earth, we are not the owners. The earth is not ours, it belongs to all of us who fight for life. We were born in it, we live in it, we are going to take care of it&nbsp;and we are going to protect it \u2014&nbsp; and if necessary, we will die for it.\u201d<\/p>\n\n\n\n<figure class=\"wp-block-image alignwide size-medium\"><img loading=\"lazy\" decoding=\"async\" width=\"300\" height=\"200\" src=\"https:\/\/wagingnonviolence.org\/wr\/wp-content\/uploads\/sites\/2\/2021\/07\/c61f9854-0af0-4442-abbc-f7e42dc3c5a3-300x200.jpg\" alt=\"\" class=\"wp-image-51274\" srcset=\"https:\/\/wagingnonviolence.org\/wr\/wp-content\/uploads\/sites\/2\/2021\/07\/c61f9854-0af0-4442-abbc-f7e42dc3c5a3-300x200.jpg 300w, https:\/\/wagingnonviolence.org\/wr\/wp-content\/uploads\/sites\/2\/2021\/07\/c61f9854-0af0-4442-abbc-f7e42dc3c5a3-1024x683.jpg 1024w, https:\/\/wagingnonviolence.org\/wr\/wp-content\/uploads\/sites\/2\/2021\/07\/c61f9854-0af0-4442-abbc-f7e42dc3c5a3-768x512.jpg 768w, https:\/\/wagingnonviolence.org\/wr\/wp-content\/uploads\/sites\/2\/2021\/07\/c61f9854-0af0-4442-abbc-f7e42dc3c5a3-1536x1024.jpg 1536w, https:\/\/wagingnonviolence.org\/wr\/wp-content\/uploads\/sites\/2\/2021\/07\/c61f9854-0af0-4442-abbc-f7e42dc3c5a3-2048x1365.jpg 2048w, https:\/\/wagingnonviolence.org\/wr\/wp-content\/uploads\/sites\/2\/2021\/07\/c61f9854-0af0-4442-abbc-f7e42dc3c5a3-600x400.jpg 600w\" sizes=\"auto, (max-width: 300px) 100vw, 300px\" \/><figcaption>In April 2021, a delegation of seven Zapatistas set sail on a &#8220;Tour for Life&#8221; where they will advocate for Indigenous rights in more than 20 European countries. (Daliri Oropeza\/ Pie de P\u00e1gina)<\/figcaption><\/figure>\n\n\n\n<p class=\"wp-block-paragraph\">The EZLN has the national and international support and solidarity of the Indigenous peoples integrated in the National Indigenous Council-Indigenous Government Council and the organizations and groups adhering to La Sexta. The Zapatista seed, in the midst of the war, continues to weave and intertwine in a decentralized and horizontal way. On April 30, 2021, a delegation of seven Zapatistas \u2014 four women, three men, and one nonbinary person \u2014 set sail from the Yucatan Peninsula to Europe by sailboat. From there, the Tour for Life will visit more than 20 European countries with the intention of \u201cholding meetings, dialogues, exchanges of ideas, experiences, analyzes and evaluations among those of us who are committed, from different conceptions and in different fields, in the fight for life.\u201d<\/p>\n","protected":false},"excerpt":{"rendered":"<p>27 years after the Zapatista uprising in Mexico, Indigenous land defenders are still fighting for justice and autonomy \u2014 even if it means risking their lives. <\/p>\n","protected":false},"author":733,"featured_media":51266,"comment_status":"open","ping_status":"open","sticky":false,"template":"","format":"standard","meta":{"_acf_changed":false,"footnotes":""},"categories":[29,33,49],"tags":[135,55,104,85],"region":[56],"series":[],"article_type":[],"class_list":["post-51228","post","type-post","status-publish","format-standard","has-post-thumbnail","hentry","category-economic-justice","category-environment","category-indigenous","tag-indigenous-rights","tag-land-rights","tag-mexico","tag-self-determination","region-latin-america"],"acf":[],"yoast_head":"<!-- This site is optimized with the Yoast SEO Premium plugin v28.3 (Yoast SEO v28.3) - https:\/\/yoast.com\/product\/yoast-seo-premium-wordpress\/ -->\n<title>In the face of assassinations and paramilitary terror, the Zapatista struggle for sovereignty continues<\/title>\n<meta name=\"description\" content=\"27 years after the Zapatista uprising in Mexico, Indigenous land defenders are still fighting for autonomy\u2014even in the face of brutal crackdowns.\" \/>\n<meta name=\"robots\" content=\"index, follow, max-snippet:-1, max-image-preview:large, max-video-preview:-1\" \/>\n<link rel=\"canonical\" href=\"https:\/\/wagingnonviolence.org\/wr\/2021\/08\/assassinations-paramilitary-terror-zapatista-struggle-sovereignty\/\" \/>\n<meta property=\"og:locale\" content=\"en_US\" \/>\n<meta property=\"og:type\" content=\"article\" \/>\n<meta property=\"og:title\" content=\"In the face of assassinations and paramilitary terror, the Zapatista struggle for sovereignty continues\" \/>\n<meta property=\"og:description\" content=\"27 years after the Zapatista uprising in Mexico, Indigenous land defenders are still fighting for autonomy\u2014even in the face of brutal crackdowns.\" \/>\n<meta property=\"og:url\" content=\"https:\/\/wagingnonviolence.org\/wr\/2021\/08\/assassinations-paramilitary-terror-zapatista-struggle-sovereignty\/\" \/>\n<meta property=\"og:site_name\" content=\"War Resisters\" \/>\n<meta property=\"article:publisher\" content=\"https:\/\/www.facebook.com\/wagingnonviolence\" \/>\n<meta property=\"article:published_time\" content=\"2021-08-02T17:06:02+00:00\" \/>\n<meta property=\"article:modified_time\" content=\"2021-08-17T15:06:23+00:00\" \/>\n<meta property=\"og:image\" content=\"https:\/\/wagingnonviolence.org\/wr\/wp-content\/uploads\/sites\/2\/2021\/07\/96200d3a-71b5-4077-8c7a-3ff98a57d157-scaled.jpg\" \/>\n\t<meta property=\"og:image:width\" content=\"2560\" \/>\n\t<meta property=\"og:image:height\" content=\"1706\" \/>\n\t<meta property=\"og:image:type\" content=\"image\/jpeg\" \/>\n<meta name=\"author\" content=\"Mayu Ruiz Rull\" \/>\n<meta name=\"twitter:card\" content=\"summary_large_image\" \/>\n<meta name=\"twitter:creator\" content=\"@wagingnv\" \/>\n<meta name=\"twitter:site\" content=\"@wagingnv\" \/>\n<meta name=\"twitter:label1\" content=\"Written by\" \/>\n\t<meta name=\"twitter:data1\" content=\"Mayu Ruiz Rull\" \/>\n\t<meta name=\"twitter:label2\" content=\"Est. reading time\" \/>\n\t<meta name=\"twitter:data2\" content=\"14 minutes\" \/>\n<script type=\"application\/ld+json\" class=\"yoast-schema-graph\">{\"@context\":\"https:\\\/\\\/schema.org\",\"@graph\":[{\"@type\":\"Article\",\"@id\":\"https:\\\/\\\/wagingnonviolence.org\\\/wr\\\/2021\\\/08\\\/assassinations-paramilitary-terror-zapatista-struggle-sovereignty\\\/#article\",\"isPartOf\":{\"@id\":\"https:\\\/\\\/wagingnonviolence.org\\\/wr\\\/2021\\\/08\\\/assassinations-paramilitary-terror-zapatista-struggle-sovereignty\\\/\"},\"author\":{\"name\":\"Mayu Ruiz Rull\",\"@id\":\"https:\\\/\\\/wagingnonviolence.org\\\/wr\\\/#\\\/schema\\\/person\\\/8b86bf4508d26a546224cb3f4c89736d\"},\"headline\":\"In the face of assassinations and paramilitary terror, the Zapatista struggle for sovereignty continues\",\"datePublished\":\"2021-08-02T17:06:02+00:00\",\"dateModified\":\"2021-08-17T15:06:23+00:00\",\"mainEntityOfPage\":{\"@id\":\"https:\\\/\\\/wagingnonviolence.org\\\/wr\\\/2021\\\/08\\\/assassinations-paramilitary-terror-zapatista-struggle-sovereignty\\\/\"},\"wordCount\":2859,\"commentCount\":1,\"publisher\":{\"@id\":\"https:\\\/\\\/wagingnonviolence.org\\\/wr\\\/#organization\"},\"image\":{\"@id\":\"https:\\\/\\\/wagingnonviolence.org\\\/wr\\\/2021\\\/08\\\/assassinations-paramilitary-terror-zapatista-struggle-sovereignty\\\/#primaryimage\"},\"thumbnailUrl\":\"https:\\\/\\\/wagingnonviolence.org\\\/wr\\\/wp-content\\\/uploads\\\/sites\\\/2\\\/2021\\\/07\\\/96200d3a-71b5-4077-8c7a-3ff98a57d157-scaled.jpg\",\"keywords\":[\"Indigenous rights\",\"Land rights\",\"Mexico\",\"Self-determination\"],\"articleSection\":[\"Economic Justice\",\"Environment\",\"Indigenous\"],\"inLanguage\":\"en-US\",\"potentialAction\":[{\"@type\":\"CommentAction\",\"name\":\"Comment\",\"target\":[\"https:\\\/\\\/wagingnonviolence.org\\\/wr\\\/2021\\\/08\\\/assassinations-paramilitary-terror-zapatista-struggle-sovereignty\\\/#respond\"]}],\"copyrightYear\":\"2021\",\"copyrightHolder\":{\"@id\":\"https:\\\/\\\/wagingnonviolence.org\\\/#organization\"}},{\"@type\":\"WebPage\",\"@id\":\"https:\\\/\\\/wagingnonviolence.org\\\/wr\\\/2021\\\/08\\\/assassinations-paramilitary-terror-zapatista-struggle-sovereignty\\\/\",\"url\":\"https:\\\/\\\/wagingnonviolence.org\\\/wr\\\/2021\\\/08\\\/assassinations-paramilitary-terror-zapatista-struggle-sovereignty\\\/\",\"name\":\"In the face of assassinations and paramilitary terror, the Zapatista struggle for sovereignty continues\",\"isPartOf\":{\"@id\":\"https:\\\/\\\/wagingnonviolence.org\\\/wr\\\/#website\"},\"primaryImageOfPage\":{\"@id\":\"https:\\\/\\\/wagingnonviolence.org\\\/wr\\\/2021\\\/08\\\/assassinations-paramilitary-terror-zapatista-struggle-sovereignty\\\/#primaryimage\"},\"image\":{\"@id\":\"https:\\\/\\\/wagingnonviolence.org\\\/wr\\\/2021\\\/08\\\/assassinations-paramilitary-terror-zapatista-struggle-sovereignty\\\/#primaryimage\"},\"thumbnailUrl\":\"https:\\\/\\\/wagingnonviolence.org\\\/wr\\\/wp-content\\\/uploads\\\/sites\\\/2\\\/2021\\\/07\\\/96200d3a-71b5-4077-8c7a-3ff98a57d157-scaled.jpg\",\"datePublished\":\"2021-08-02T17:06:02+00:00\",\"dateModified\":\"2021-08-17T15:06:23+00:00\",\"description\":\"27 years after the Zapatista uprising in Mexico, Indigenous land defenders are still fighting for autonomy\u2014even in the face of brutal crackdowns.\",\"breadcrumb\":{\"@id\":\"https:\\\/\\\/wagingnonviolence.org\\\/wr\\\/2021\\\/08\\\/assassinations-paramilitary-terror-zapatista-struggle-sovereignty\\\/#breadcrumb\"},\"inLanguage\":\"en-US\",\"potentialAction\":[{\"@type\":\"ReadAction\",\"target\":[\"https:\\\/\\\/wagingnonviolence.org\\\/wr\\\/2021\\\/08\\\/assassinations-paramilitary-terror-zapatista-struggle-sovereignty\\\/\"]}]},{\"@type\":\"ImageObject\",\"inLanguage\":\"en-US\",\"@id\":\"https:\\\/\\\/wagingnonviolence.org\\\/wr\\\/2021\\\/08\\\/assassinations-paramilitary-terror-zapatista-struggle-sovereignty\\\/#primaryimage\",\"url\":\"https:\\\/\\\/wagingnonviolence.org\\\/wr\\\/wp-content\\\/uploads\\\/sites\\\/2\\\/2021\\\/07\\\/96200d3a-71b5-4077-8c7a-3ff98a57d157-scaled.jpg\",\"contentUrl\":\"https:\\\/\\\/wagingnonviolence.org\\\/wr\\\/wp-content\\\/uploads\\\/sites\\\/2\\\/2021\\\/07\\\/96200d3a-71b5-4077-8c7a-3ff98a57d157-scaled.jpg\",\"width\":2560,\"height\":1706,\"caption\":\"Zapatista women receive Marichuy, the Indigenous spokeswoman of the National Indigenous Congress in 2018. (Daliri Oropeza\\\/Pie de P\u00e1gina)\"},{\"@type\":\"BreadcrumbList\",\"@id\":\"https:\\\/\\\/wagingnonviolence.org\\\/wr\\\/2021\\\/08\\\/assassinations-paramilitary-terror-zapatista-struggle-sovereignty\\\/#breadcrumb\",\"itemListElement\":[{\"@type\":\"ListItem\",\"position\":1,\"name\":\"Home\",\"item\":\"https:\\\/\\\/wagingnonviolence.org\\\/wr\\\/\"},{\"@type\":\"ListItem\",\"position\":2,\"name\":\"In the face of assassinations and paramilitary terror, the Zapatista struggle for sovereignty continues\"}]},{\"@type\":\"WebSite\",\"@id\":\"https:\\\/\\\/wagingnonviolence.org\\\/wr\\\/#website\",\"url\":\"https:\\\/\\\/wagingnonviolence.org\\\/wr\\\/\",\"name\":\"War Resisters\",\"description\":\"War Resisters is a joint page shared by War Resisters International and War Resisters League highlighting pressing antiwar topics of today. WRI is an internationalist network of antiwar groups struggling to end the root causes of war around the world. War Resisters League is an independent organization based in New York and a proud member of War Resisters International.\",\"publisher\":{\"@id\":\"https:\\\/\\\/wagingnonviolence.org\\\/wr\\\/#organization\"},\"potentialAction\":[{\"@type\":\"SearchAction\",\"target\":{\"@type\":\"EntryPoint\",\"urlTemplate\":\"https:\\\/\\\/wagingnonviolence.org\\\/wr\\\/?s={search_term_string}\"},\"query-input\":{\"@type\":\"PropertyValueSpecification\",\"valueRequired\":true,\"valueName\":\"search_term_string\"}}],\"inLanguage\":\"en-US\"},{\"@type\":\"Organization\",\"@id\":\"https:\\\/\\\/wagingnonviolence.org\\\/wr\\\/#organization\",\"name\":\"War Resisters\",\"url\":\"https:\\\/\\\/wagingnonviolence.org\\\/wr\\\/\",\"logo\":{\"@type\":\"ImageObject\",\"inLanguage\":\"en-US\",\"@id\":\"https:\\\/\\\/wagingnonviolence.org\\\/wr\\\/#\\\/schema\\\/logo\\\/image\\\/\",\"url\":\"https:\\\/\\\/wagingnonviolence.org\\\/wr\\\/wp-content\\\/uploads\\\/sites\\\/2\\\/2020\\\/02\\\/cropped-1280px-Broken_rifle.svg_.png\",\"contentUrl\":\"https:\\\/\\\/wagingnonviolence.org\\\/wr\\\/wp-content\\\/uploads\\\/sites\\\/2\\\/2020\\\/02\\\/cropped-1280px-Broken_rifle.svg_.png\",\"width\":1175,\"height\":755,\"caption\":\"War Resisters\"},\"image\":{\"@id\":\"https:\\\/\\\/wagingnonviolence.org\\\/wr\\\/#\\\/schema\\\/logo\\\/image\\\/\"},\"sameAs\":[\"https:\\\/\\\/www.facebook.com\\\/wagingnonviolence\",\"https:\\\/\\\/x.com\\\/wagingnv\",\"https:\\\/\\\/www.instagram.com\\\/wagingnv\\\/\"]},{\"@type\":\"Person\",\"@id\":\"https:\\\/\\\/wagingnonviolence.org\\\/wr\\\/#\\\/schema\\\/person\\\/8b86bf4508d26a546224cb3f4c89736d\",\"name\":\"Mayu Ruiz Rull\",\"image\":{\"@type\":\"ImageObject\",\"inLanguage\":\"en-US\",\"@id\":\"https:\\\/\\\/secure.gravatar.com\\\/avatar\\\/d19b7115d13b2540b5f548a62408b26f08fa0e800c6fd07f8df451335d9eb90d?s=96&d=mm&r=g\",\"url\":\"https:\\\/\\\/secure.gravatar.com\\\/avatar\\\/d19b7115d13b2540b5f548a62408b26f08fa0e800c6fd07f8df451335d9eb90d?s=96&d=mm&r=g\",\"contentUrl\":\"https:\\\/\\\/secure.gravatar.com\\\/avatar\\\/d19b7115d13b2540b5f548a62408b26f08fa0e800c6fd07f8df451335d9eb90d?s=96&d=mm&r=g\",\"caption\":\"Mayu Ruiz Rull\"},\"description\":\"Mayu Ruiz Rull is a seasonal journalist, video maker and photographer who has worked for grassroots civil organizations and documenting social movements around Europe.\",\"url\":\"https:\\\/\\\/wagingnonviolence.org\\\/wr\\\/author\\\/mayuruizrull\\\/\"}]}<\/script>\n<!-- \/ Yoast SEO Premium plugin. -->","yoast_head_json":{"title":"In the face of assassinations and paramilitary terror, the Zapatista struggle for sovereignty continues","description":"27 years after the Zapatista uprising in Mexico, Indigenous land defenders are still fighting for autonomy\u2014even in the face of brutal crackdowns.","robots":{"index":"index","follow":"follow","max-snippet":"max-snippet:-1","max-image-preview":"max-image-preview:large","max-video-preview":"max-video-preview:-1"},"canonical":"https:\/\/wagingnonviolence.org\/wr\/2021\/08\/assassinations-paramilitary-terror-zapatista-struggle-sovereignty\/","og_locale":"en_US","og_type":"article","og_title":"In the face of assassinations and paramilitary terror, the Zapatista struggle for sovereignty continues","og_description":"27 years after the Zapatista uprising in Mexico, Indigenous land defenders are still fighting for autonomy\u2014even in the face of brutal crackdowns.","og_url":"https:\/\/wagingnonviolence.org\/wr\/2021\/08\/assassinations-paramilitary-terror-zapatista-struggle-sovereignty\/","og_site_name":"War Resisters","article_publisher":"https:\/\/www.facebook.com\/wagingnonviolence","article_published_time":"2021-08-02T17:06:02+00:00","article_modified_time":"2021-08-17T15:06:23+00:00","og_image":[{"width":2560,"height":1706,"url":"https:\/\/wagingnonviolence.org\/wr\/wp-content\/uploads\/sites\/2\/2021\/07\/96200d3a-71b5-4077-8c7a-3ff98a57d157-scaled.jpg","type":"image\/jpeg"}],"author":"Mayu Ruiz Rull","twitter_card":"summary_large_image","twitter_creator":"@wagingnv","twitter_site":"@wagingnv","twitter_misc":{"Written by":"Mayu Ruiz Rull","Est. reading time":"14 minutes"},"schema":{"@context":"https:\/\/schema.org","@graph":[{"@type":"Article","@id":"https:\/\/wagingnonviolence.org\/wr\/2021\/08\/assassinations-paramilitary-terror-zapatista-struggle-sovereignty\/#article","isPartOf":{"@id":"https:\/\/wagingnonviolence.org\/wr\/2021\/08\/assassinations-paramilitary-terror-zapatista-struggle-sovereignty\/"},"author":{"name":"Mayu Ruiz Rull","@id":"https:\/\/wagingnonviolence.org\/wr\/#\/schema\/person\/8b86bf4508d26a546224cb3f4c89736d"},"headline":"In the face of assassinations and paramilitary terror, the Zapatista struggle for sovereignty continues","datePublished":"2021-08-02T17:06:02+00:00","dateModified":"2021-08-17T15:06:23+00:00","mainEntityOfPage":{"@id":"https:\/\/wagingnonviolence.org\/wr\/2021\/08\/assassinations-paramilitary-terror-zapatista-struggle-sovereignty\/"},"wordCount":2859,"commentCount":1,"publisher":{"@id":"https:\/\/wagingnonviolence.org\/wr\/#organization"},"image":{"@id":"https:\/\/wagingnonviolence.org\/wr\/2021\/08\/assassinations-paramilitary-terror-zapatista-struggle-sovereignty\/#primaryimage"},"thumbnailUrl":"https:\/\/wagingnonviolence.org\/wr\/wp-content\/uploads\/sites\/2\/2021\/07\/96200d3a-71b5-4077-8c7a-3ff98a57d157-scaled.jpg","keywords":["Indigenous rights","Land rights","Mexico","Self-determination"],"articleSection":["Economic Justice","Environment","Indigenous"],"inLanguage":"en-US","potentialAction":[{"@type":"CommentAction","name":"Comment","target":["https:\/\/wagingnonviolence.org\/wr\/2021\/08\/assassinations-paramilitary-terror-zapatista-struggle-sovereignty\/#respond"]}],"copyrightYear":"2021","copyrightHolder":{"@id":"https:\/\/wagingnonviolence.org\/#organization"}},{"@type":"WebPage","@id":"https:\/\/wagingnonviolence.org\/wr\/2021\/08\/assassinations-paramilitary-terror-zapatista-struggle-sovereignty\/","url":"https:\/\/wagingnonviolence.org\/wr\/2021\/08\/assassinations-paramilitary-terror-zapatista-struggle-sovereignty\/","name":"In the face of assassinations and paramilitary terror, the Zapatista struggle for sovereignty continues","isPartOf":{"@id":"https:\/\/wagingnonviolence.org\/wr\/#website"},"primaryImageOfPage":{"@id":"https:\/\/wagingnonviolence.org\/wr\/2021\/08\/assassinations-paramilitary-terror-zapatista-struggle-sovereignty\/#primaryimage"},"image":{"@id":"https:\/\/wagingnonviolence.org\/wr\/2021\/08\/assassinations-paramilitary-terror-zapatista-struggle-sovereignty\/#primaryimage"},"thumbnailUrl":"https:\/\/wagingnonviolence.org\/wr\/wp-content\/uploads\/sites\/2\/2021\/07\/96200d3a-71b5-4077-8c7a-3ff98a57d157-scaled.jpg","datePublished":"2021-08-02T17:06:02+00:00","dateModified":"2021-08-17T15:06:23+00:00","description":"27 years after the Zapatista uprising in Mexico, Indigenous land defenders are still fighting for autonomy\u2014even in the face of brutal crackdowns.","breadcrumb":{"@id":"https:\/\/wagingnonviolence.org\/wr\/2021\/08\/assassinations-paramilitary-terror-zapatista-struggle-sovereignty\/#breadcrumb"},"inLanguage":"en-US","potentialAction":[{"@type":"ReadAction","target":["https:\/\/wagingnonviolence.org\/wr\/2021\/08\/assassinations-paramilitary-terror-zapatista-struggle-sovereignty\/"]}]},{"@type":"ImageObject","inLanguage":"en-US","@id":"https:\/\/wagingnonviolence.org\/wr\/2021\/08\/assassinations-paramilitary-terror-zapatista-struggle-sovereignty\/#primaryimage","url":"https:\/\/wagingnonviolence.org\/wr\/wp-content\/uploads\/sites\/2\/2021\/07\/96200d3a-71b5-4077-8c7a-3ff98a57d157-scaled.jpg","contentUrl":"https:\/\/wagingnonviolence.org\/wr\/wp-content\/uploads\/sites\/2\/2021\/07\/96200d3a-71b5-4077-8c7a-3ff98a57d157-scaled.jpg","width":2560,"height":1706,"caption":"Zapatista women receive Marichuy, the Indigenous spokeswoman of the National Indigenous Congress in 2018. (Daliri Oropeza\/Pie de P\u00e1gina)"},{"@type":"BreadcrumbList","@id":"https:\/\/wagingnonviolence.org\/wr\/2021\/08\/assassinations-paramilitary-terror-zapatista-struggle-sovereignty\/#breadcrumb","itemListElement":[{"@type":"ListItem","position":1,"name":"Home","item":"https:\/\/wagingnonviolence.org\/wr\/"},{"@type":"ListItem","position":2,"name":"In the face of assassinations and paramilitary terror, the Zapatista struggle for sovereignty continues"}]},{"@type":"WebSite","@id":"https:\/\/wagingnonviolence.org\/wr\/#website","url":"https:\/\/wagingnonviolence.org\/wr\/","name":"War Resisters","description":"War Resisters is a joint page shared by War Resisters International and War Resisters League highlighting pressing antiwar topics of today. WRI is an internationalist network of antiwar groups struggling to end the root causes of war around the world. War Resisters League is an independent organization based in New York and a proud member of War Resisters International.","publisher":{"@id":"https:\/\/wagingnonviolence.org\/wr\/#organization"},"potentialAction":[{"@type":"SearchAction","target":{"@type":"EntryPoint","urlTemplate":"https:\/\/wagingnonviolence.org\/wr\/?s={search_term_string}"},"query-input":{"@type":"PropertyValueSpecification","valueRequired":true,"valueName":"search_term_string"}}],"inLanguage":"en-US"},{"@type":"Organization","@id":"https:\/\/wagingnonviolence.org\/wr\/#organization","name":"War Resisters","url":"https:\/\/wagingnonviolence.org\/wr\/","logo":{"@type":"ImageObject","inLanguage":"en-US","@id":"https:\/\/wagingnonviolence.org\/wr\/#\/schema\/logo\/image\/","url":"https:\/\/wagingnonviolence.org\/wr\/wp-content\/uploads\/sites\/2\/2020\/02\/cropped-1280px-Broken_rifle.svg_.png","contentUrl":"https:\/\/wagingnonviolence.org\/wr\/wp-content\/uploads\/sites\/2\/2020\/02\/cropped-1280px-Broken_rifle.svg_.png","width":1175,"height":755,"caption":"War Resisters"},"image":{"@id":"https:\/\/wagingnonviolence.org\/wr\/#\/schema\/logo\/image\/"},"sameAs":["https:\/\/www.facebook.com\/wagingnonviolence","https:\/\/x.com\/wagingnv","https:\/\/www.instagram.com\/wagingnv\/"]},{"@type":"Person","@id":"https:\/\/wagingnonviolence.org\/wr\/#\/schema\/person\/8b86bf4508d26a546224cb3f4c89736d","name":"Mayu Ruiz Rull","image":{"@type":"ImageObject","inLanguage":"en-US","@id":"https:\/\/secure.gravatar.com\/avatar\/d19b7115d13b2540b5f548a62408b26f08fa0e800c6fd07f8df451335d9eb90d?s=96&d=mm&r=g","url":"https:\/\/secure.gravatar.com\/avatar\/d19b7115d13b2540b5f548a62408b26f08fa0e800c6fd07f8df451335d9eb90d?s=96&d=mm&r=g","contentUrl":"https:\/\/secure.gravatar.com\/avatar\/d19b7115d13b2540b5f548a62408b26f08fa0e800c6fd07f8df451335d9eb90d?s=96&d=mm&r=g","caption":"Mayu Ruiz Rull"},"description":"Mayu Ruiz Rull is a seasonal journalist, video maker and photographer who has worked for grassroots civil organizations and documenting social movements around Europe.","url":"https:\/\/wagingnonviolence.org\/wr\/author\/mayuruizrull\/"}]}},"_links":{"self":[{"href":"https:\/\/wagingnonviolence.org\/wr\/wp-json\/wp\/v2\/posts\/51228","targetHints":{"allow":["GET"]}}],"collection":[{"href":"https:\/\/wagingnonviolence.org\/wr\/wp-json\/wp\/v2\/posts"}],"about":[{"href":"https:\/\/wagingnonviolence.org\/wr\/wp-json\/wp\/v2\/types\/post"}],"author":[{"embeddable":true,"href":"https:\/\/wagingnonviolence.org\/wr\/wp-json\/wp\/v2\/users\/733"}],"replies":[{"embeddable":true,"href":"https:\/\/wagingnonviolence.org\/wr\/wp-json\/wp\/v2\/comments?post=51228"}],"version-history":[{"count":44,"href":"https:\/\/wagingnonviolence.org\/wr\/wp-json\/wp\/v2\/posts\/51228\/revisions"}],"predecessor-version":[{"id":51306,"href":"https:\/\/wagingnonviolence.org\/wr\/wp-json\/wp\/v2\/posts\/51228\/revisions\/51306"}],"wp:featuredmedia":[{"embeddable":true,"href":"https:\/\/wagingnonviolence.org\/wr\/wp-json\/wp\/v2\/media\/51266"}],"wp:attachment":[{"href":"https:\/\/wagingnonviolence.org\/wr\/wp-json\/wp\/v2\/media?parent=51228"}],"wp:term":[{"taxonomy":"category","embeddable":true,"href":"https:\/\/wagingnonviolence.org\/wr\/wp-json\/wp\/v2\/categories?post=51228"},{"taxonomy":"post_tag","embeddable":true,"href":"https:\/\/wagingnonviolence.org\/wr\/wp-json\/wp\/v2\/tags?post=51228"},{"taxonomy":"region","embeddable":true,"href":"https:\/\/wagingnonviolence.org\/wr\/wp-json\/wp\/v2\/region?post=51228"},{"taxonomy":"series","embeddable":true,"href":"https:\/\/wagingnonviolence.org\/wr\/wp-json\/wp\/v2\/series?post=51228"},{"taxonomy":"article_type","embeddable":true,"href":"https:\/\/wagingnonviolence.org\/wr\/wp-json\/wp\/v2\/article_type?post=51228"}],"curies":[{"name":"wp","href":"https:\/\/api.w.org\/{rel}","templated":true}]}}